{"id":1087,"date":"2020-11-24T17:49:37","date_gmt":"2020-11-24T16:49:37","guid":{"rendered":"https:\/\/arquivigo.com\/?p=1087"},"modified":"2020-11-24T17:49:53","modified_gmt":"2020-11-24T16:49:53","slug":"mas-edificios-menos-carreteras","status":"publish","type":"post","link":"https:\/\/arquivigo.com\/index.php\/2020\/11\/24\/mas-edificios-menos-carreteras\/","title":{"rendered":"M\u00e1s edificios, menos carreteras"},"content":{"rendered":"<p>La finalizaci\u00f3n o el avanzado estado de ejecuci\u00f3n de las grandes obras proyectadas por la Xunta en Santiago ha ido concentrando buena parte de su esfuerzo inversor, en lo que a infraestructuras se refiere, en equipamientos institucionales. Aunque es una tendencia que viene de atr\u00e1s, en los Orzamentos del 2021 se hace m\u00e1s n\u00edtida. As\u00ed,\u00a0<strong>el nuevo edificio en construcci\u00f3n en el Gai\u00e1s y el complejo administrativo que se levantar\u00e1 en el solar que ahora ocupa la vieja estaci\u00f3n de autobuses son las dos actuaciones que absorben m\u00e1s gasto<\/strong>\u00a0en las cuentas que ayer fueron presentadas en el Parlamento.<\/p>\n<div id=\"5TEXTO_DETALLEad-robapaginas-id\" class=\"adblock robapaginas roadblock double\" data-ads=\"true\" data-url=\"\/4900\/vocento.lavozdegalicia\/galicia\/santiago\" data-mapping=\"ROBADESKTOP\" data-sizes=\"[[300,600],[300,300],[300,250]]\" data-param=\"pos\" data-format=\"double\" data-targeting=\"robapaginas\" data-google-query-id=\"CLLr7__Qm-0CFdiBhQod0UAHAQ\">\n<div id=\"google_ads_iframe_\/4900\/vocento.lavozdegalicia\/galicia\/santiago_0__container__\">El <strong>edificio Font\u00e1n, ideado para acoger usos universitarios, recibe una asignaci\u00f3n de 4,9 millones<\/strong>, de acuerdo con la memoria de la Fundaci\u00f3n P\u00fablica Cidade da Cultura, que contempla inversiones por 9,4 millones para el ejercicio que viene. Y\u00a0<strong>la llamada Cidade de San Caetano cuenta con partidas presupuestarias que suman 3,77 millones<\/strong>\u00a0y que deben permitir iniciar los trabajos de una primera fase cuyo mayor previsi\u00f3n de gasto est\u00e1 planificada por la Xunta para el a\u00f1o 2022, con 9 millones m\u00e1s.<\/div>\n<\/div>\n<p>Este equipamiento administrativo va ligado a otros dos proyectos en marcha en la ciudad y que tambi\u00e9n figuran en los Orzamentos con partidas para rematar los trabajos. Es el caso de<strong>\u00a0la nueva terminal de buses que entrar\u00e1 en servicio a principios del 2021, y que recibe 1,42 millones para su integraci\u00f3n<\/strong>. Y tambi\u00e9n de las\u00a0<strong>obras de mejora paisaj\u00edstica de los accesos del Camino en la ciudad, que contar\u00e1n con 3,32 millones<\/strong>\u00a0para el remate de unas actuaciones que, en el caso del proyecto de entrada del Camino Franc\u00e9s, incluyen la apertura de una nueva rotonda, que ahora se encuentra en obras, entre lo que ser\u00e1 esa futura Cidade de San Caetano y el Conservatorio.<\/p>\n","protected":false},"excerpt":{"rendered":"<p>La finalizaci\u00f3n o el avanzado estado de ejecuci\u00f3n de las grandes obras proyectadas por la Xunta en Santiago ha ido concentrando buena parte de su esfuerzo inversor, en lo que a infraestructuras se refiere, en equipamientos institucionales. Aunque es una tendencia que viene de atr\u00e1s, en los Orzamentos del 2021 se hace m\u00e1s n\u00edtida. As\u00ed,\u00a0el [&hellip;]<\/p>\n","protected":false},"author":1,"featured_media":1088,"comment_status":"open","ping_status":"open","sticky":false,"template":"","format":"standard","meta":{"_joinchat":[],"footnotes":""},"categories":[24],"tags":[],"class_list":["post-1087","post","type-post","status-publish","format-standard","has-post-thumbnail","hentry","category-inversion"],"yoast_head":"<!-- This site is optimized with the Yoast SEO plugin v24.9 - https:\/\/yoast.com\/wordpress\/plugins\/seo\/ -->\n<title>M\u00e1s edificios, menos carreteras - Jos\u00e9 Ramilo Hermida<\/title>\n<meta name=\"robots\" content=\"index, follow, max-snippet:-1, max-image-preview:large, max-video-preview:-1\" \/>\n<link rel=\"canonical\" href=\"https:\/\/arquivigo.com\/index.php\/2020\/11\/24\/mas-edificios-menos-carreteras\/\" \/>\n<meta property=\"og:locale\" content=\"es_ES\" \/>\n<meta property=\"og:type\" content=\"article\" \/>\n<meta property=\"og:title\" content=\"M\u00e1s edificios, menos carreteras - Jos\u00e9 Ramilo Hermida\" \/>\n<meta property=\"og:description\" content=\"La finalizaci\u00f3n o el avanzado estado de ejecuci\u00f3n de las grandes obras proyectadas por la Xunta en Santiago ha ido concentrando buena parte de su esfuerzo inversor, en lo que a infraestructuras se refiere, en equipamientos institucionales. Aunque es una tendencia que viene de atr\u00e1s, en los Orzamentos del 2021 se hace m\u00e1s n\u00edtida. As\u00ed,\u00a0el [&hellip;]\" \/>\n<meta property=\"og:url\" content=\"https:\/\/arquivigo.com\/index.php\/2020\/11\/24\/mas-edificios-menos-carreteras\/\" \/>\n<meta property=\"og:site_name\" content=\"Jos\u00e9 Ramilo Hermida\" \/>\n<meta property=\"article:publisher\" content=\"https:\/\/www.facebook.com\/people\/Jos%c3%a9-Ramilo-Arquitectura-e-Ingenier%c3%ada\/100049613451848\/\" \/>\n<meta property=\"article:published_time\" content=\"2020-11-24T16:49:37+00:00\" \/>\n<meta property=\"article:modified_time\" content=\"2020-11-24T16:49:53+00:00\" \/>\n<meta property=\"og:image\" content=\"https:\/\/arquivigo.com\/wp-content\/uploads\/2020\/11\/construccion-xunta-galicia.jpg\" \/>\n\t<meta property=\"og:image:width\" content=\"1278\" \/>\n\t<meta property=\"og:image:height\" content=\"720\" \/>\n\t<meta property=\"og:image:type\" content=\"image\/jpeg\" \/>\n<meta name=\"author\" content=\"4rquivig0\" \/>\n<meta name=\"twitter:card\" content=\"summary_large_image\" \/>\n<meta name=\"twitter:creator\" content=\"@jramiloAT\" \/>\n<meta name=\"twitter:site\" content=\"@jramiloAT\" \/>\n<meta name=\"twitter:label1\" content=\"Escrito por\" \/>\n\t<meta name=\"twitter:data1\" content=\"4rquivig0\" \/>\n\t<meta name=\"twitter:label2\" content=\"Tiempo de lectura\" \/>\n\t<meta name=\"twitter:data2\" content=\"2 minutos\" \/>\n<script type=\"application\/ld+json\" class=\"yoast-schema-graph\">{\"@context\":\"https:\/\/schema.org\",\"@graph\":[{\"@type\":\"Article\",\"@id\":\"https:\/\/arquivigo.com\/index.php\/2020\/11\/24\/mas-edificios-menos-carreteras\/#article\",\"isPartOf\":{\"@id\":\"https:\/\/arquivigo.com\/index.php\/2020\/11\/24\/mas-edificios-menos-carreteras\/\"},\"author\":{\"name\":\"4rquivig0\",\"@id\":\"https:\/\/arquivigo.com\/#\/schema\/person\/82d92f47d63759383e17af96780e646c\"},\"headline\":\"M\u00e1s edificios, menos carreteras\",\"datePublished\":\"2020-11-24T16:49:37+00:00\",\"dateModified\":\"2020-11-24T16:49:53+00:00\",\"mainEntityOfPage\":{\"@id\":\"https:\/\/arquivigo.com\/index.php\/2020\/11\/24\/mas-edificios-menos-carreteras\/\"},\"wordCount\":314,\"commentCount\":0,\"publisher\":{\"@id\":\"https:\/\/arquivigo.com\/#organization\"},\"image\":{\"@id\":\"https:\/\/arquivigo.com\/index.php\/2020\/11\/24\/mas-edificios-menos-carreteras\/#primaryimage\"},\"thumbnailUrl\":\"https:\/\/arquivigo.com\/wp-content\/uploads\/2020\/11\/construccion-xunta-galicia.jpg\",\"articleSection\":[\"Inversi\u00f3n\"],\"inLanguage\":\"es\",\"potentialAction\":[{\"@type\":\"CommentAction\",\"name\":\"Comment\",\"target\":[\"https:\/\/arquivigo.com\/index.php\/2020\/11\/24\/mas-edificios-menos-carreteras\/#respond\"]}]},{\"@type\":\"WebPage\",\"@id\":\"https:\/\/arquivigo.com\/index.php\/2020\/11\/24\/mas-edificios-menos-carreteras\/\",\"url\":\"https:\/\/arquivigo.com\/index.php\/2020\/11\/24\/mas-edificios-menos-carreteras\/\",\"name\":\"M\u00e1s edificios, menos carreteras - Jos\u00e9 Ramilo Hermida\",\"isPartOf\":{\"@id\":\"https:\/\/arquivigo.com\/#website\"},\"primaryImageOfPage\":{\"@id\":\"https:\/\/arquivigo.com\/index.php\/2020\/11\/24\/mas-edificios-menos-carreteras\/#primaryimage\"},\"image\":{\"@id\":\"https:\/\/arquivigo.com\/index.php\/2020\/11\/24\/mas-edificios-menos-carreteras\/#primaryimage\"},\"thumbnailUrl\":\"https:\/\/arquivigo.com\/wp-content\/uploads\/2020\/11\/construccion-xunta-galicia.jpg\",\"datePublished\":\"2020-11-24T16:49:37+00:00\",\"dateModified\":\"2020-11-24T16:49:53+00:00\",\"breadcrumb\":{\"@id\":\"https:\/\/arquivigo.com\/index.php\/2020\/11\/24\/mas-edificios-menos-carreteras\/#breadcrumb\"},\"inLanguage\":\"es\",\"potentialAction\":[{\"@type\":\"ReadAction\",\"target\":[\"https:\/\/arquivigo.com\/index.php\/2020\/11\/24\/mas-edificios-menos-carreteras\/\"]}]},{\"@type\":\"ImageObject\",\"inLanguage\":\"es\",\"@id\":\"https:\/\/arquivigo.com\/index.php\/2020\/11\/24\/mas-edificios-menos-carreteras\/#primaryimage\",\"url\":\"https:\/\/arquivigo.com\/wp-content\/uploads\/2020\/11\/construccion-xunta-galicia.jpg\",\"contentUrl\":\"https:\/\/arquivigo.com\/wp-content\/uploads\/2020\/11\/construccion-xunta-galicia.jpg\",\"width\":1278,\"height\":720},{\"@type\":\"BreadcrumbList\",\"@id\":\"https:\/\/arquivigo.com\/index.php\/2020\/11\/24\/mas-edificios-menos-carreteras\/#breadcrumb\",\"itemListElement\":[{\"@type\":\"ListItem\",\"position\":1,\"name\":\"Portada\",\"item\":\"https:\/\/arquivigo.com\/\"},{\"@type\":\"ListItem\",\"position\":2,\"name\":\"M\u00e1s edificios, menos carreteras\"}]},{\"@type\":\"WebSite\",\"@id\":\"https:\/\/arquivigo.com\/#website\",\"url\":\"https:\/\/arquivigo.com\/\",\"name\":\"arquivigo\",\"description\":\"Arquitecto t\u00e9cnico resolutivo\",\"publisher\":{\"@id\":\"https:\/\/arquivigo.com\/#organization\"},\"potentialAction\":[{\"@type\":\"SearchAction\",\"target\":{\"@type\":\"EntryPoint\",\"urlTemplate\":\"https:\/\/arquivigo.com\/?s={search_term_string}\"},\"query-input\":{\"@type\":\"PropertyValueSpecification\",\"valueRequired\":true,\"valueName\":\"search_term_string\"}}],\"inLanguage\":\"es\"},{\"@type\":\"Organization\",\"@id\":\"https:\/\/arquivigo.com\/#organization\",\"name\":\"Arquivigo\",\"url\":\"https:\/\/arquivigo.com\/\",\"logo\":{\"@type\":\"ImageObject\",\"inLanguage\":\"es\",\"@id\":\"https:\/\/arquivigo.com\/#\/schema\/logo\/image\/\",\"url\":\"https:\/\/arquivigo.com\/wp-content\/uploads\/2020\/09\/logo-400-sin-fondo.png\",\"contentUrl\":\"https:\/\/arquivigo.com\/wp-content\/uploads\/2020\/09\/logo-400-sin-fondo.png\",\"width\":400,\"height\":93,\"caption\":\"Arquivigo\"},\"image\":{\"@id\":\"https:\/\/arquivigo.com\/#\/schema\/logo\/image\/\"},\"sameAs\":[\"https:\/\/www.facebook.com\/people\/Jos\u00e9-Ramilo-Arquitectura-e-Ingenier\u00eda\/100049613451848\/\",\"https:\/\/x.com\/jramiloAT\",\"https:\/\/www.instagram.com\/arquivigo\/\",\"https:\/\/www.linkedin.com\/in\/jos\u00e9-ramilo-hermida-b8802525\/\"]},{\"@type\":\"Person\",\"@id\":\"https:\/\/arquivigo.com\/#\/schema\/person\/82d92f47d63759383e17af96780e646c\",\"name\":\"4rquivig0\",\"image\":{\"@type\":\"ImageObject\",\"inLanguage\":\"es\",\"@id\":\"https:\/\/arquivigo.com\/#\/schema\/person\/image\/\",\"url\":\"https:\/\/secure.gravatar.com\/avatar\/57028136f0b72317433853f40014de957623502321a40778040f6d962c1472b3?s=96&d=mm&r=g\",\"contentUrl\":\"https:\/\/secure.gravatar.com\/avatar\/57028136f0b72317433853f40014de957623502321a40778040f6d962c1472b3?s=96&d=mm&r=g\",\"caption\":\"4rquivig0\"},\"sameAs\":[\"http:\/\/arquivigo.com\",\"https:\/\/x.com\/jramiloAT\"]}]}<\/script>\n<!-- \/ Yoast SEO plugin. -->","yoast_head_json":{"title":"M\u00e1s edificios, menos carreteras - Jos\u00e9 Ramilo Hermida","robots":{"index":"index","follow":"follow","max-snippet":"max-snippet:-1","max-image-preview":"max-image-preview:large","max-video-preview":"max-video-preview:-1"},"canonical":"https:\/\/arquivigo.com\/index.php\/2020\/11\/24\/mas-edificios-menos-carreteras\/","og_locale":"es_ES","og_type":"article","og_title":"M\u00e1s edificios, menos carreteras - Jos\u00e9 Ramilo Hermida","og_description":"La finalizaci\u00f3n o el avanzado estado de ejecuci\u00f3n de las grandes obras proyectadas por la Xunta en Santiago ha ido concentrando buena parte de su esfuerzo inversor, en lo que a infraestructuras se refiere, en equipamientos institucionales. Aunque es una tendencia que viene de atr\u00e1s, en los Orzamentos del 2021 se hace m\u00e1s n\u00edtida. As\u00ed,\u00a0el [&hellip;]","og_url":"https:\/\/arquivigo.com\/index.php\/2020\/11\/24\/mas-edificios-menos-carreteras\/","og_site_name":"Jos\u00e9 Ramilo Hermida","article_publisher":"https:\/\/www.facebook.com\/people\/Jos%c3%a9-Ramilo-Arquitectura-e-Ingenier%c3%ada\/100049613451848\/","article_published_time":"2020-11-24T16:49:37+00:00","article_modified_time":"2020-11-24T16:49:53+00:00","og_image":[{"width":1278,"height":720,"url":"https:\/\/arquivigo.com\/wp-content\/uploads\/2020\/11\/construccion-xunta-galicia.jpg","type":"image\/jpeg"}],"author":"4rquivig0","twitter_card":"summary_large_image","twitter_creator":"@jramiloAT","twitter_site":"@jramiloAT","twitter_misc":{"Escrito por":"4rquivig0","Tiempo de lectura":"2 minutos"},"schema":{"@context":"https:\/\/schema.org","@graph":[{"@type":"Article","@id":"https:\/\/arquivigo.com\/index.php\/2020\/11\/24\/mas-edificios-menos-carreteras\/#article","isPartOf":{"@id":"https:\/\/arquivigo.com\/index.php\/2020\/11\/24\/mas-edificios-menos-carreteras\/"},"author":{"name":"4rquivig0","@id":"https:\/\/arquivigo.com\/#\/schema\/person\/82d92f47d63759383e17af96780e646c"},"headline":"M\u00e1s edificios, menos carreteras","datePublished":"2020-11-24T16:49:37+00:00","dateModified":"2020-11-24T16:49:53+00:00","mainEntityOfPage":{"@id":"https:\/\/arquivigo.com\/index.php\/2020\/11\/24\/mas-edificios-menos-carreteras\/"},"wordCount":314,"commentCount":0,"publisher":{"@id":"https:\/\/arquivigo.com\/#organization"},"image":{"@id":"https:\/\/arquivigo.com\/index.php\/2020\/11\/24\/mas-edificios-menos-carreteras\/#primaryimage"},"thumbnailUrl":"https:\/\/arquivigo.com\/wp-content\/uploads\/2020\/11\/construccion-xunta-galicia.jpg","articleSection":["Inversi\u00f3n"],"inLanguage":"es","potentialAction":[{"@type":"CommentAction","name":"Comment","target":["https:\/\/arquivigo.com\/index.php\/2020\/11\/24\/mas-edificios-menos-carreteras\/#respond"]}]},{"@type":"WebPage","@id":"https:\/\/arquivigo.com\/index.php\/2020\/11\/24\/mas-edificios-menos-carreteras\/","url":"https:\/\/arquivigo.com\/index.php\/2020\/11\/24\/mas-edificios-menos-carreteras\/","name":"M\u00e1s edificios, menos carreteras - Jos\u00e9 Ramilo Hermida","isPartOf":{"@id":"https:\/\/arquivigo.com\/#website"},"primaryImageOfPage":{"@id":"https:\/\/arquivigo.com\/index.php\/2020\/11\/24\/mas-edificios-menos-carreteras\/#primaryimage"},"image":{"@id":"https:\/\/arquivigo.com\/index.php\/2020\/11\/24\/mas-edificios-menos-carreteras\/#primaryimage"},"thumbnailUrl":"https:\/\/arquivigo.com\/wp-content\/uploads\/2020\/11\/construccion-xunta-galicia.jpg","datePublished":"2020-11-24T16:49:37+00:00","dateModified":"2020-11-24T16:49:53+00:00","breadcrumb":{"@id":"https:\/\/arquivigo.com\/index.php\/2020\/11\/24\/mas-edificios-menos-carreteras\/#breadcrumb"},"inLanguage":"es","potentialAction":[{"@type":"ReadAction","target":["https:\/\/arquivigo.com\/index.php\/2020\/11\/24\/mas-edificios-menos-carreteras\/"]}]},{"@type":"ImageObject","inLanguage":"es","@id":"https:\/\/arquivigo.com\/index.php\/2020\/11\/24\/mas-edificios-menos-carreteras\/#primaryimage","url":"https:\/\/arquivigo.com\/wp-content\/uploads\/2020\/11\/construccion-xunta-galicia.jpg","contentUrl":"https:\/\/arquivigo.com\/wp-content\/uploads\/2020\/11\/construccion-xunta-galicia.jpg","width":1278,"height":720},{"@type":"BreadcrumbList","@id":"https:\/\/arquivigo.com\/index.php\/2020\/11\/24\/mas-edificios-menos-carreteras\/#breadcrumb","itemListElement":[{"@type":"ListItem","position":1,"name":"Portada","item":"https:\/\/arquivigo.com\/"},{"@type":"ListItem","position":2,"name":"M\u00e1s edificios, menos carreteras"}]},{"@type":"WebSite","@id":"https:\/\/arquivigo.com\/#website","url":"https:\/\/arquivigo.com\/","name":"arquivigo","description":"Arquitecto t\u00e9cnico resolutivo","publisher":{"@id":"https:\/\/arquivigo.com\/#organization"},"potentialAction":[{"@type":"SearchAction","target":{"@type":"EntryPoint","urlTemplate":"https:\/\/arquivigo.com\/?s={search_term_string}"},"query-input":{"@type":"PropertyValueSpecification","valueRequired":true,"valueName":"search_term_string"}}],"inLanguage":"es"},{"@type":"Organization","@id":"https:\/\/arquivigo.com\/#organization","name":"Arquivigo","url":"https:\/\/arquivigo.com\/","logo":{"@type":"ImageObject","inLanguage":"es","@id":"https:\/\/arquivigo.com\/#\/schema\/logo\/image\/","url":"https:\/\/arquivigo.com\/wp-content\/uploads\/2020\/09\/logo-400-sin-fondo.png","contentUrl":"https:\/\/arquivigo.com\/wp-content\/uploads\/2020\/09\/logo-400-sin-fondo.png","width":400,"height":93,"caption":"Arquivigo"},"image":{"@id":"https:\/\/arquivigo.com\/#\/schema\/logo\/image\/"},"sameAs":["https:\/\/www.facebook.com\/people\/Jos\u00e9-Ramilo-Arquitectura-e-Ingenier\u00eda\/100049613451848\/","https:\/\/x.com\/jramiloAT","https:\/\/www.instagram.com\/arquivigo\/","https:\/\/www.linkedin.com\/in\/jos\u00e9-ramilo-hermida-b8802525\/"]},{"@type":"Person","@id":"https:\/\/arquivigo.com\/#\/schema\/person\/82d92f47d63759383e17af96780e646c","name":"4rquivig0","image":{"@type":"ImageObject","inLanguage":"es","@id":"https:\/\/arquivigo.com\/#\/schema\/person\/image\/","url":"https:\/\/secure.gravatar.com\/avatar\/57028136f0b72317433853f40014de957623502321a40778040f6d962c1472b3?s=96&d=mm&r=g","contentUrl":"https:\/\/secure.gravatar.com\/avatar\/57028136f0b72317433853f40014de957623502321a40778040f6d962c1472b3?s=96&d=mm&r=g","caption":"4rquivig0"},"sameAs":["http:\/\/arquivigo.com","https:\/\/x.com\/jramiloAT"]}]}},"_links":{"self":[{"href":"https:\/\/arquivigo.com\/index.php\/wp-json\/wp\/v2\/posts\/1087","targetHints":{"allow":["GET"]}}],"collection":[{"href":"https:\/\/arquivigo.com\/index.php\/wp-json\/wp\/v2\/posts"}],"about":[{"href":"https:\/\/arquivigo.com\/index.php\/wp-json\/wp\/v2\/types\/post"}],"author":[{"embeddable":true,"href":"https:\/\/arquivigo.com\/index.php\/wp-json\/wp\/v2\/users\/1"}],"replies":[{"embeddable":true,"href":"https:\/\/arquivigo.com\/index.php\/wp-json\/wp\/v2\/comments?post=1087"}],"version-history":[{"count":1,"href":"https:\/\/arquivigo.com\/index.php\/wp-json\/wp\/v2\/posts\/1087\/revisions"}],"predecessor-version":[{"id":1089,"href":"https:\/\/arquivigo.com\/index.php\/wp-json\/wp\/v2\/posts\/1087\/revisions\/1089"}],"wp:featuredmedia":[{"embeddable":true,"href":"https:\/\/arquivigo.com\/index.php\/wp-json\/wp\/v2\/media\/1088"}],"wp:attachment":[{"href":"https:\/\/arquivigo.com\/index.php\/wp-json\/wp\/v2\/media?parent=1087"}],"wp:term":[{"taxonomy":"category","embeddable":true,"href":"https:\/\/arquivigo.com\/index.php\/wp-json\/wp\/v2\/categories?post=1087"},{"taxonomy":"post_tag","embeddable":true,"href":"https:\/\/arquivigo.com\/index.php\/wp-json\/wp\/v2\/tags?post=1087"}],"curies":[{"name":"wp","href":"https:\/\/api.w.org\/{rel}","templated":true}]}}