{"id":1092,"date":"2020-11-24T17:54:22","date_gmt":"2020-11-24T16:54:22","guid":{"rendered":"https:\/\/arquivigo.com\/?p=1092"},"modified":"2020-11-24T17:57:43","modified_gmt":"2020-11-24T16:57:43","slug":"edificio-verde-galicia","status":"publish","type":"post","link":"https:\/\/arquivigo.com\/index.php\/2020\/11\/24\/edificio-verde-galicia\/","title":{"rendered":"Primer edificio \u00abverde\u00bb de Galicia"},"content":{"rendered":"<p>El edificio M-13 del barrio compostelano de Santa Marta, un bloque de 36 viviendas promovido por Santiago Sur, es\u00a0<strong>el primero de Galicia que recibe el certificado \u00abVerde\u00bb\u00a0<\/strong>de la consultora internacional Green Building Council Espa\u00f1a (GBCe).<\/p>\n<p>Adem\u00e1s de la eficiencia energ\u00e9tica del propio edificio -situado entre las calles Travesa da Poza y Mar\u00eda Casares-, esta certificaci\u00f3n valora su\u00a0<strong>sostenibilidad ambiental<\/strong>\u00a0en diferentes \u00e1reas.<\/p>\n<p>\u00abEste certificado reconoce a aquellos promotores que apuestan por la\u00a0<strong>edificaci\u00f3n sostenible<\/strong>\u00a0dando respuesta a los grandes retos que debe afrontar la sociedad para reducir el consumo de recursos, mejorar la eficiencia energ\u00e9tica y cuidar la salud\u00bb, explican desde GBCe.<\/p>\n<p>La consultora destaca, adem\u00e1s de su \u00abesmerado dise\u00f1o\u00bb en lo que a envolvente t\u00e9rmica se refiere, su construcci\u00f3n con\u00a0<strong>materiales respetuosos con el medio ambiente\u00a0<\/strong>e instalaciones de alta eficiencia con el<strong>\u00a0uso parcial de energ\u00edas renovables,<\/strong>\u00a0lo que reduce el consumo y la emisi\u00f3n de CO2.<\/p>\n","protected":false},"excerpt":{"rendered":"<p>El edificio M-13 del barrio compostelano de Santa Marta, un bloque de 36 viviendas promovido por Santiago Sur, es\u00a0el primero de Galicia que recibe el certificado \u00abVerde\u00bb\u00a0de la consultora internacional Green Building Council Espa\u00f1a (GBCe). Adem\u00e1s de la eficiencia energ\u00e9tica del propio edificio -situado entre las calles Travesa da Poza y Mar\u00eda Casares-, esta certificaci\u00f3n [&hellip;]<\/p>\n","protected":false},"author":1,"featured_media":1093,"comment_status":"open","ping_status":"open","sticky":false,"template":"","format":"standard","meta":{"_joinchat":[],"footnotes":""},"categories":[20,22],"tags":[],"class_list":["post-1092","post","type-post","status-publish","format-standard","has-post-thumbnail","hentry","category-diseno","category-retos-constructivos"],"yoast_head":"<!-- This site is optimized with the Yoast SEO plugin v24.9 - https:\/\/yoast.com\/wordpress\/plugins\/seo\/ -->\n<title>Primer edificio &quot;verde&quot; de Galicia - Jos\u00e9 Ramilo Hermida<\/title>\n<meta name=\"robots\" content=\"index, follow, max-snippet:-1, max-image-preview:large, max-video-preview:-1\" \/>\n<link rel=\"canonical\" href=\"https:\/\/arquivigo.com\/index.php\/2020\/11\/24\/edificio-verde-galicia\/\" \/>\n<meta property=\"og:locale\" content=\"es_ES\" \/>\n<meta property=\"og:type\" content=\"article\" \/>\n<meta property=\"og:title\" content=\"Primer edificio &quot;verde&quot; de Galicia - Jos\u00e9 Ramilo Hermida\" \/>\n<meta property=\"og:description\" content=\"El edificio M-13 del barrio compostelano de Santa Marta, un bloque de 36 viviendas promovido por Santiago Sur, es\u00a0el primero de Galicia que recibe el certificado \u00abVerde\u00bb\u00a0de la consultora internacional Green Building Council Espa\u00f1a (GBCe). Adem\u00e1s de la eficiencia energ\u00e9tica del propio edificio -situado entre las calles Travesa da Poza y Mar\u00eda Casares-, esta certificaci\u00f3n [&hellip;]\" \/>\n<meta property=\"og:url\" content=\"https:\/\/arquivigo.com\/index.php\/2020\/11\/24\/edificio-verde-galicia\/\" \/>\n<meta property=\"og:site_name\" content=\"Jos\u00e9 Ramilo Hermida\" \/>\n<meta property=\"article:publisher\" content=\"https:\/\/www.facebook.com\/people\/Jos%c3%a9-Ramilo-Arquitectura-e-Ingenier%c3%ada\/100049613451848\/\" \/>\n<meta property=\"article:published_time\" content=\"2020-11-24T16:54:22+00:00\" \/>\n<meta property=\"article:modified_time\" content=\"2020-11-24T16:57:43+00:00\" \/>\n<meta property=\"og:image\" content=\"https:\/\/arquivigo.com\/wp-content\/uploads\/2020\/11\/santa-marta-santiago2.jpg\" \/>\n\t<meta property=\"og:image:width\" content=\"1024\" \/>\n\t<meta property=\"og:image:height\" content=\"563\" \/>\n\t<meta property=\"og:image:type\" content=\"image\/jpeg\" \/>\n<meta name=\"author\" content=\"4rquivig0\" \/>\n<meta name=\"twitter:card\" content=\"summary_large_image\" \/>\n<meta name=\"twitter:creator\" content=\"@jramiloAT\" \/>\n<meta name=\"twitter:site\" content=\"@jramiloAT\" \/>\n<meta name=\"twitter:label1\" content=\"Escrito por\" \/>\n\t<meta name=\"twitter:data1\" content=\"4rquivig0\" \/>\n\t<meta name=\"twitter:label2\" content=\"Tiempo de lectura\" \/>\n\t<meta name=\"twitter:data2\" content=\"1 minuto\" \/>\n<script type=\"application\/ld+json\" class=\"yoast-schema-graph\">{\"@context\":\"https:\/\/schema.org\",\"@graph\":[{\"@type\":\"Article\",\"@id\":\"https:\/\/arquivigo.com\/index.php\/2020\/11\/24\/edificio-verde-galicia\/#article\",\"isPartOf\":{\"@id\":\"https:\/\/arquivigo.com\/index.php\/2020\/11\/24\/edificio-verde-galicia\/\"},\"author\":{\"name\":\"4rquivig0\",\"@id\":\"https:\/\/arquivigo.com\/#\/schema\/person\/82d92f47d63759383e17af96780e646c\"},\"headline\":\"Primer edificio \u00abverde\u00bb de Galicia\",\"datePublished\":\"2020-11-24T16:54:22+00:00\",\"dateModified\":\"2020-11-24T16:57:43+00:00\",\"mainEntityOfPage\":{\"@id\":\"https:\/\/arquivigo.com\/index.php\/2020\/11\/24\/edificio-verde-galicia\/\"},\"wordCount\":168,\"commentCount\":0,\"publisher\":{\"@id\":\"https:\/\/arquivigo.com\/#organization\"},\"image\":{\"@id\":\"https:\/\/arquivigo.com\/index.php\/2020\/11\/24\/edificio-verde-galicia\/#primaryimage\"},\"thumbnailUrl\":\"https:\/\/arquivigo.com\/wp-content\/uploads\/2020\/11\/santa-marta-santiago2.jpg\",\"articleSection\":[\"dise\u00f1o\",\"retos constructivos\"],\"inLanguage\":\"es\",\"potentialAction\":[{\"@type\":\"CommentAction\",\"name\":\"Comment\",\"target\":[\"https:\/\/arquivigo.com\/index.php\/2020\/11\/24\/edificio-verde-galicia\/#respond\"]}]},{\"@type\":\"WebPage\",\"@id\":\"https:\/\/arquivigo.com\/index.php\/2020\/11\/24\/edificio-verde-galicia\/\",\"url\":\"https:\/\/arquivigo.com\/index.php\/2020\/11\/24\/edificio-verde-galicia\/\",\"name\":\"Primer edificio \\\"verde\\\" de Galicia - Jos\u00e9 Ramilo Hermida\",\"isPartOf\":{\"@id\":\"https:\/\/arquivigo.com\/#website\"},\"primaryImageOfPage\":{\"@id\":\"https:\/\/arquivigo.com\/index.php\/2020\/11\/24\/edificio-verde-galicia\/#primaryimage\"},\"image\":{\"@id\":\"https:\/\/arquivigo.com\/index.php\/2020\/11\/24\/edificio-verde-galicia\/#primaryimage\"},\"thumbnailUrl\":\"https:\/\/arquivigo.com\/wp-content\/uploads\/2020\/11\/santa-marta-santiago2.jpg\",\"datePublished\":\"2020-11-24T16:54:22+00:00\",\"dateModified\":\"2020-11-24T16:57:43+00:00\",\"breadcrumb\":{\"@id\":\"https:\/\/arquivigo.com\/index.php\/2020\/11\/24\/edificio-verde-galicia\/#breadcrumb\"},\"inLanguage\":\"es\",\"potentialAction\":[{\"@type\":\"ReadAction\",\"target\":[\"https:\/\/arquivigo.com\/index.php\/2020\/11\/24\/edificio-verde-galicia\/\"]}]},{\"@type\":\"ImageObject\",\"inLanguage\":\"es\",\"@id\":\"https:\/\/arquivigo.com\/index.php\/2020\/11\/24\/edificio-verde-galicia\/#primaryimage\",\"url\":\"https:\/\/arquivigo.com\/wp-content\/uploads\/2020\/11\/santa-marta-santiago2.jpg\",\"contentUrl\":\"https:\/\/arquivigo.com\/wp-content\/uploads\/2020\/11\/santa-marta-santiago2.jpg\",\"width\":1024,\"height\":563},{\"@type\":\"BreadcrumbList\",\"@id\":\"https:\/\/arquivigo.com\/index.php\/2020\/11\/24\/edificio-verde-galicia\/#breadcrumb\",\"itemListElement\":[{\"@type\":\"ListItem\",\"position\":1,\"name\":\"Portada\",\"item\":\"https:\/\/arquivigo.com\/\"},{\"@type\":\"ListItem\",\"position\":2,\"name\":\"Primer edificio \u00abverde\u00bb de Galicia\"}]},{\"@type\":\"WebSite\",\"@id\":\"https:\/\/arquivigo.com\/#website\",\"url\":\"https:\/\/arquivigo.com\/\",\"name\":\"arquivigo\",\"description\":\"Arquitecto t\u00e9cnico resolutivo\",\"publisher\":{\"@id\":\"https:\/\/arquivigo.com\/#organization\"},\"potentialAction\":[{\"@type\":\"SearchAction\",\"target\":{\"@type\":\"EntryPoint\",\"urlTemplate\":\"https:\/\/arquivigo.com\/?s={search_term_string}\"},\"query-input\":{\"@type\":\"PropertyValueSpecification\",\"valueRequired\":true,\"valueName\":\"search_term_string\"}}],\"inLanguage\":\"es\"},{\"@type\":\"Organization\",\"@id\":\"https:\/\/arquivigo.com\/#organization\",\"name\":\"Arquivigo\",\"url\":\"https:\/\/arquivigo.com\/\",\"logo\":{\"@type\":\"ImageObject\",\"inLanguage\":\"es\",\"@id\":\"https:\/\/arquivigo.com\/#\/schema\/logo\/image\/\",\"url\":\"https:\/\/arquivigo.com\/wp-content\/uploads\/2020\/09\/logo-400-sin-fondo.png\",\"contentUrl\":\"https:\/\/arquivigo.com\/wp-content\/uploads\/2020\/09\/logo-400-sin-fondo.png\",\"width\":400,\"height\":93,\"caption\":\"Arquivigo\"},\"image\":{\"@id\":\"https:\/\/arquivigo.com\/#\/schema\/logo\/image\/\"},\"sameAs\":[\"https:\/\/www.facebook.com\/people\/Jos\u00e9-Ramilo-Arquitectura-e-Ingenier\u00eda\/100049613451848\/\",\"https:\/\/x.com\/jramiloAT\",\"https:\/\/www.instagram.com\/arquivigo\/\",\"https:\/\/www.linkedin.com\/in\/jos\u00e9-ramilo-hermida-b8802525\/\"]},{\"@type\":\"Person\",\"@id\":\"https:\/\/arquivigo.com\/#\/schema\/person\/82d92f47d63759383e17af96780e646c\",\"name\":\"4rquivig0\",\"image\":{\"@type\":\"ImageObject\",\"inLanguage\":\"es\",\"@id\":\"https:\/\/arquivigo.com\/#\/schema\/person\/image\/\",\"url\":\"https:\/\/secure.gravatar.com\/avatar\/57028136f0b72317433853f40014de957623502321a40778040f6d962c1472b3?s=96&d=mm&r=g\",\"contentUrl\":\"https:\/\/secure.gravatar.com\/avatar\/57028136f0b72317433853f40014de957623502321a40778040f6d962c1472b3?s=96&d=mm&r=g\",\"caption\":\"4rquivig0\"},\"sameAs\":[\"http:\/\/arquivigo.com\",\"https:\/\/x.com\/jramiloAT\"]}]}<\/script>\n<!-- \/ Yoast SEO plugin. -->","yoast_head_json":{"title":"Primer edificio \"verde\" de Galicia - Jos\u00e9 Ramilo Hermida","robots":{"index":"index","follow":"follow","max-snippet":"max-snippet:-1","max-image-preview":"max-image-preview:large","max-video-preview":"max-video-preview:-1"},"canonical":"https:\/\/arquivigo.com\/index.php\/2020\/11\/24\/edificio-verde-galicia\/","og_locale":"es_ES","og_type":"article","og_title":"Primer edificio \"verde\" de Galicia - Jos\u00e9 Ramilo Hermida","og_description":"El edificio M-13 del barrio compostelano de Santa Marta, un bloque de 36 viviendas promovido por Santiago Sur, es\u00a0el primero de Galicia que recibe el certificado \u00abVerde\u00bb\u00a0de la consultora internacional Green Building Council Espa\u00f1a (GBCe). Adem\u00e1s de la eficiencia energ\u00e9tica del propio edificio -situado entre las calles Travesa da Poza y Mar\u00eda Casares-, esta certificaci\u00f3n [&hellip;]","og_url":"https:\/\/arquivigo.com\/index.php\/2020\/11\/24\/edificio-verde-galicia\/","og_site_name":"Jos\u00e9 Ramilo Hermida","article_publisher":"https:\/\/www.facebook.com\/people\/Jos%c3%a9-Ramilo-Arquitectura-e-Ingenier%c3%ada\/100049613451848\/","article_published_time":"2020-11-24T16:54:22+00:00","article_modified_time":"2020-11-24T16:57:43+00:00","og_image":[{"width":1024,"height":563,"url":"https:\/\/arquivigo.com\/wp-content\/uploads\/2020\/11\/santa-marta-santiago2.jpg","type":"image\/jpeg"}],"author":"4rquivig0","twitter_card":"summary_large_image","twitter_creator":"@jramiloAT","twitter_site":"@jramiloAT","twitter_misc":{"Escrito por":"4rquivig0","Tiempo de lectura":"1 minuto"},"schema":{"@context":"https:\/\/schema.org","@graph":[{"@type":"Article","@id":"https:\/\/arquivigo.com\/index.php\/2020\/11\/24\/edificio-verde-galicia\/#article","isPartOf":{"@id":"https:\/\/arquivigo.com\/index.php\/2020\/11\/24\/edificio-verde-galicia\/"},"author":{"name":"4rquivig0","@id":"https:\/\/arquivigo.com\/#\/schema\/person\/82d92f47d63759383e17af96780e646c"},"headline":"Primer edificio \u00abverde\u00bb de Galicia","datePublished":"2020-11-24T16:54:22+00:00","dateModified":"2020-11-24T16:57:43+00:00","mainEntityOfPage":{"@id":"https:\/\/arquivigo.com\/index.php\/2020\/11\/24\/edificio-verde-galicia\/"},"wordCount":168,"commentCount":0,"publisher":{"@id":"https:\/\/arquivigo.com\/#organization"},"image":{"@id":"https:\/\/arquivigo.com\/index.php\/2020\/11\/24\/edificio-verde-galicia\/#primaryimage"},"thumbnailUrl":"https:\/\/arquivigo.com\/wp-content\/uploads\/2020\/11\/santa-marta-santiago2.jpg","articleSection":["dise\u00f1o","retos constructivos"],"inLanguage":"es","potentialAction":[{"@type":"CommentAction","name":"Comment","target":["https:\/\/arquivigo.com\/index.php\/2020\/11\/24\/edificio-verde-galicia\/#respond"]}]},{"@type":"WebPage","@id":"https:\/\/arquivigo.com\/index.php\/2020\/11\/24\/edificio-verde-galicia\/","url":"https:\/\/arquivigo.com\/index.php\/2020\/11\/24\/edificio-verde-galicia\/","name":"Primer edificio \"verde\" de Galicia - Jos\u00e9 Ramilo Hermida","isPartOf":{"@id":"https:\/\/arquivigo.com\/#website"},"primaryImageOfPage":{"@id":"https:\/\/arquivigo.com\/index.php\/2020\/11\/24\/edificio-verde-galicia\/#primaryimage"},"image":{"@id":"https:\/\/arquivigo.com\/index.php\/2020\/11\/24\/edificio-verde-galicia\/#primaryimage"},"thumbnailUrl":"https:\/\/arquivigo.com\/wp-content\/uploads\/2020\/11\/santa-marta-santiago2.jpg","datePublished":"2020-11-24T16:54:22+00:00","dateModified":"2020-11-24T16:57:43+00:00","breadcrumb":{"@id":"https:\/\/arquivigo.com\/index.php\/2020\/11\/24\/edificio-verde-galicia\/#breadcrumb"},"inLanguage":"es","potentialAction":[{"@type":"ReadAction","target":["https:\/\/arquivigo.com\/index.php\/2020\/11\/24\/edificio-verde-galicia\/"]}]},{"@type":"ImageObject","inLanguage":"es","@id":"https:\/\/arquivigo.com\/index.php\/2020\/11\/24\/edificio-verde-galicia\/#primaryimage","url":"https:\/\/arquivigo.com\/wp-content\/uploads\/2020\/11\/santa-marta-santiago2.jpg","contentUrl":"https:\/\/arquivigo.com\/wp-content\/uploads\/2020\/11\/santa-marta-santiago2.jpg","width":1024,"height":563},{"@type":"BreadcrumbList","@id":"https:\/\/arquivigo.com\/index.php\/2020\/11\/24\/edificio-verde-galicia\/#breadcrumb","itemListElement":[{"@type":"ListItem","position":1,"name":"Portada","item":"https:\/\/arquivigo.com\/"},{"@type":"ListItem","position":2,"name":"Primer edificio \u00abverde\u00bb de Galicia"}]},{"@type":"WebSite","@id":"https:\/\/arquivigo.com\/#website","url":"https:\/\/arquivigo.com\/","name":"arquivigo","description":"Arquitecto t\u00e9cnico resolutivo","publisher":{"@id":"https:\/\/arquivigo.com\/#organization"},"potentialAction":[{"@type":"SearchAction","target":{"@type":"EntryPoint","urlTemplate":"https:\/\/arquivigo.com\/?s={search_term_string}"},"query-input":{"@type":"PropertyValueSpecification","valueRequired":true,"valueName":"search_term_string"}}],"inLanguage":"es"},{"@type":"Organization","@id":"https:\/\/arquivigo.com\/#organization","name":"Arquivigo","url":"https:\/\/arquivigo.com\/","logo":{"@type":"ImageObject","inLanguage":"es","@id":"https:\/\/arquivigo.com\/#\/schema\/logo\/image\/","url":"https:\/\/arquivigo.com\/wp-content\/uploads\/2020\/09\/logo-400-sin-fondo.png","contentUrl":"https:\/\/arquivigo.com\/wp-content\/uploads\/2020\/09\/logo-400-sin-fondo.png","width":400,"height":93,"caption":"Arquivigo"},"image":{"@id":"https:\/\/arquivigo.com\/#\/schema\/logo\/image\/"},"sameAs":["https:\/\/www.facebook.com\/people\/Jos\u00e9-Ramilo-Arquitectura-e-Ingenier\u00eda\/100049613451848\/","https:\/\/x.com\/jramiloAT","https:\/\/www.instagram.com\/arquivigo\/","https:\/\/www.linkedin.com\/in\/jos\u00e9-ramilo-hermida-b8802525\/"]},{"@type":"Person","@id":"https:\/\/arquivigo.com\/#\/schema\/person\/82d92f47d63759383e17af96780e646c","name":"4rquivig0","image":{"@type":"ImageObject","inLanguage":"es","@id":"https:\/\/arquivigo.com\/#\/schema\/person\/image\/","url":"https:\/\/secure.gravatar.com\/avatar\/57028136f0b72317433853f40014de957623502321a40778040f6d962c1472b3?s=96&d=mm&r=g","contentUrl":"https:\/\/secure.gravatar.com\/avatar\/57028136f0b72317433853f40014de957623502321a40778040f6d962c1472b3?s=96&d=mm&r=g","caption":"4rquivig0"},"sameAs":["http:\/\/arquivigo.com","https:\/\/x.com\/jramiloAT"]}]}},"_links":{"self":[{"href":"https:\/\/arquivigo.com\/index.php\/wp-json\/wp\/v2\/posts\/1092","targetHints":{"allow":["GET"]}}],"collection":[{"href":"https:\/\/arquivigo.com\/index.php\/wp-json\/wp\/v2\/posts"}],"about":[{"href":"https:\/\/arquivigo.com\/index.php\/wp-json\/wp\/v2\/types\/post"}],"author":[{"embeddable":true,"href":"https:\/\/arquivigo.com\/index.php\/wp-json\/wp\/v2\/users\/1"}],"replies":[{"embeddable":true,"href":"https:\/\/arquivigo.com\/index.php\/wp-json\/wp\/v2\/comments?post=1092"}],"version-history":[{"count":1,"href":"https:\/\/arquivigo.com\/index.php\/wp-json\/wp\/v2\/posts\/1092\/revisions"}],"predecessor-version":[{"id":1094,"href":"https:\/\/arquivigo.com\/index.php\/wp-json\/wp\/v2\/posts\/1092\/revisions\/1094"}],"wp:featuredmedia":[{"embeddable":true,"href":"https:\/\/arquivigo.com\/index.php\/wp-json\/wp\/v2\/media\/1093"}],"wp:attachment":[{"href":"https:\/\/arquivigo.com\/index.php\/wp-json\/wp\/v2\/media?parent=1092"}],"wp:term":[{"taxonomy":"category","embeddable":true,"href":"https:\/\/arquivigo.com\/index.php\/wp-json\/wp\/v2\/categories?post=1092"},{"taxonomy":"post_tag","embeddable":true,"href":"https:\/\/arquivigo.com\/index.php\/wp-json\/wp\/v2\/tags?post=1092"}],"curies":[{"name":"wp","href":"https:\/\/api.w.org\/{rel}","templated":true}]}}