{"id":1116,"date":"2020-12-04T17:29:01","date_gmt":"2020-12-04T16:29:01","guid":{"rendered":"https:\/\/arquivigo.com\/?p=1116"},"modified":"2020-12-04T17:29:01","modified_gmt":"2020-12-04T16:29:01","slug":"ley-arquitectura-galicia","status":"publish","type":"post","link":"https:\/\/arquivigo.com\/index.php\/2020\/12\/04\/ley-arquitectura-galicia\/","title":{"rendered":"Ley de Arquitectura para Galicia"},"content":{"rendered":"<p>La Xunta ha dado el primer paso para que Galicia se dote de la primera Ley de arquitectura gallega. Este paso consiste en la aprobaci\u00f3n del proyecto de decreto por el que se inicia el periodo de consulta previa, lo que Galicia se equiparar\u00e1 con territorios como Catalu\u00f1a o Extremadura.<\/p>\n<p>La arquitectura &#8211;remarca el Ejecutivo que dirige Alberto N\u00fa\u00f1ez Feij\u00f3o&#8211; es una disciplina de inter\u00e9s p\u00fablico, de dualidad cultural y econ\u00f3mica que incide directamente en la innovaci\u00f3n, la sostenibilidad, el progreso y la cohesi\u00f3n social y que se sustenta fundamentalmente en un complejo tejido de profesionales y medianas y peque\u00f1as empresas locales.<\/p>\n<blockquote><p>Simplificar la normativa y agilizar los tr\u00e1mites son los principales objetivos<\/p><\/blockquote>\n<p>La norma pretende establecer las directrices para la contrataci\u00f3n p\u00fablica con respecto a los servicios ligados a la arquitectura, determinar las titulaciones profesionales competentes para reducir los conflictos, en materia de competencias, en la contrataci\u00f3n p\u00fablica y personal.<\/p>\n<p>Tambi\u00e9n se busca \u00abuna simplificaci\u00f3n de la normativa y la agilizaci\u00f3n de tr\u00e1mites\u00bb, as\u00ed como fomentar la ense\u00f1anza, la divulgaci\u00f3n y la sensibilizaci\u00f3n, especialmente entre los m\u00e1s j\u00f3venes, sobre la arquitectura como bien y actividad de inter\u00e9s general y social.<\/p>\n<p>La Xunta tiene previsto crear el Consello da Arquitectura de Galicia, con representantes de los colegios profesionales e instituciones de ense\u00f1anza, las artes y las empresas.<\/p>\n","protected":false},"excerpt":{"rendered":"<p>La Xunta ha dado el primer paso para que Galicia se dote de la primera Ley de arquitectura gallega. Este paso consiste en la aprobaci\u00f3n del proyecto de decreto por el que se inicia el periodo de consulta previa, lo que Galicia se equiparar\u00e1 con territorios como Catalu\u00f1a o Extremadura. La arquitectura &#8211;remarca el Ejecutivo [&hellip;]<\/p>\n","protected":false},"author":1,"featured_media":1118,"comment_status":"open","ping_status":"open","sticky":false,"template":"","format":"standard","meta":{"_joinchat":[],"footnotes":""},"categories":[26],"tags":[],"class_list":["post-1116","post","type-post","status-publish","format-standard","has-post-thumbnail","hentry","category-legislacion"],"yoast_head":"<!-- This site is optimized with the Yoast SEO plugin v24.9 - https:\/\/yoast.com\/wordpress\/plugins\/seo\/ -->\n<title>Ley de Arquitectura para Galicia - Jos\u00e9 Ramilo Hermida<\/title>\n<meta name=\"robots\" content=\"index, follow, max-snippet:-1, max-image-preview:large, max-video-preview:-1\" \/>\n<link rel=\"canonical\" href=\"https:\/\/arquivigo.com\/index.php\/2020\/12\/04\/ley-arquitectura-galicia\/\" \/>\n<meta property=\"og:locale\" content=\"es_ES\" \/>\n<meta property=\"og:type\" content=\"article\" \/>\n<meta property=\"og:title\" content=\"Ley de Arquitectura para Galicia - Jos\u00e9 Ramilo Hermida\" \/>\n<meta property=\"og:description\" content=\"La Xunta ha dado el primer paso para que Galicia se dote de la primera Ley de arquitectura gallega. Este paso consiste en la aprobaci\u00f3n del proyecto de decreto por el que se inicia el periodo de consulta previa, lo que Galicia se equiparar\u00e1 con territorios como Catalu\u00f1a o Extremadura. La arquitectura &#8211;remarca el Ejecutivo [&hellip;]\" \/>\n<meta property=\"og:url\" content=\"https:\/\/arquivigo.com\/index.php\/2020\/12\/04\/ley-arquitectura-galicia\/\" \/>\n<meta property=\"og:site_name\" content=\"Jos\u00e9 Ramilo Hermida\" \/>\n<meta property=\"article:publisher\" content=\"https:\/\/www.facebook.com\/people\/Jos%c3%a9-Ramilo-Arquitectura-e-Ingenier%c3%ada\/100049613451848\/\" \/>\n<meta property=\"article:published_time\" content=\"2020-12-04T16:29:01+00:00\" \/>\n<meta property=\"og:image\" content=\"https:\/\/arquivigo.com\/wp-content\/uploads\/2020\/12\/consello-da-Xunta-scaled.jpg\" \/>\n\t<meta property=\"og:image:width\" content=\"2560\" \/>\n\t<meta property=\"og:image:height\" content=\"1707\" \/>\n\t<meta property=\"og:image:type\" content=\"image\/jpeg\" \/>\n<meta name=\"author\" content=\"4rquivig0\" \/>\n<meta name=\"twitter:card\" content=\"summary_large_image\" \/>\n<meta name=\"twitter:creator\" content=\"@jramiloAT\" \/>\n<meta name=\"twitter:site\" content=\"@jramiloAT\" \/>\n<meta name=\"twitter:label1\" content=\"Escrito por\" \/>\n\t<meta name=\"twitter:data1\" content=\"4rquivig0\" \/>\n\t<meta name=\"twitter:label2\" content=\"Tiempo de lectura\" \/>\n\t<meta name=\"twitter:data2\" content=\"1 minuto\" \/>\n<script type=\"application\/ld+json\" class=\"yoast-schema-graph\">{\"@context\":\"https:\/\/schema.org\",\"@graph\":[{\"@type\":\"Article\",\"@id\":\"https:\/\/arquivigo.com\/index.php\/2020\/12\/04\/ley-arquitectura-galicia\/#article\",\"isPartOf\":{\"@id\":\"https:\/\/arquivigo.com\/index.php\/2020\/12\/04\/ley-arquitectura-galicia\/\"},\"author\":{\"name\":\"4rquivig0\",\"@id\":\"https:\/\/arquivigo.com\/#\/schema\/person\/82d92f47d63759383e17af96780e646c\"},\"headline\":\"Ley de Arquitectura para Galicia\",\"datePublished\":\"2020-12-04T16:29:01+00:00\",\"mainEntityOfPage\":{\"@id\":\"https:\/\/arquivigo.com\/index.php\/2020\/12\/04\/ley-arquitectura-galicia\/\"},\"wordCount\":248,\"commentCount\":0,\"publisher\":{\"@id\":\"https:\/\/arquivigo.com\/#organization\"},\"image\":{\"@id\":\"https:\/\/arquivigo.com\/index.php\/2020\/12\/04\/ley-arquitectura-galicia\/#primaryimage\"},\"thumbnailUrl\":\"https:\/\/arquivigo.com\/wp-content\/uploads\/2020\/12\/consello-da-Xunta-scaled.jpg\",\"articleSection\":[\"legislaci\u00f3n\"],\"inLanguage\":\"es\",\"potentialAction\":[{\"@type\":\"CommentAction\",\"name\":\"Comment\",\"target\":[\"https:\/\/arquivigo.com\/index.php\/2020\/12\/04\/ley-arquitectura-galicia\/#respond\"]}]},{\"@type\":\"WebPage\",\"@id\":\"https:\/\/arquivigo.com\/index.php\/2020\/12\/04\/ley-arquitectura-galicia\/\",\"url\":\"https:\/\/arquivigo.com\/index.php\/2020\/12\/04\/ley-arquitectura-galicia\/\",\"name\":\"Ley de Arquitectura para Galicia - Jos\u00e9 Ramilo Hermida\",\"isPartOf\":{\"@id\":\"https:\/\/arquivigo.com\/#website\"},\"primaryImageOfPage\":{\"@id\":\"https:\/\/arquivigo.com\/index.php\/2020\/12\/04\/ley-arquitectura-galicia\/#primaryimage\"},\"image\":{\"@id\":\"https:\/\/arquivigo.com\/index.php\/2020\/12\/04\/ley-arquitectura-galicia\/#primaryimage\"},\"thumbnailUrl\":\"https:\/\/arquivigo.com\/wp-content\/uploads\/2020\/12\/consello-da-Xunta-scaled.jpg\",\"datePublished\":\"2020-12-04T16:29:01+00:00\",\"breadcrumb\":{\"@id\":\"https:\/\/arquivigo.com\/index.php\/2020\/12\/04\/ley-arquitectura-galicia\/#breadcrumb\"},\"inLanguage\":\"es\",\"potentialAction\":[{\"@type\":\"ReadAction\",\"target\":[\"https:\/\/arquivigo.com\/index.php\/2020\/12\/04\/ley-arquitectura-galicia\/\"]}]},{\"@type\":\"ImageObject\",\"inLanguage\":\"es\",\"@id\":\"https:\/\/arquivigo.com\/index.php\/2020\/12\/04\/ley-arquitectura-galicia\/#primaryimage\",\"url\":\"https:\/\/arquivigo.com\/wp-content\/uploads\/2020\/12\/consello-da-Xunta-scaled.jpg\",\"contentUrl\":\"https:\/\/arquivigo.com\/wp-content\/uploads\/2020\/12\/consello-da-Xunta-scaled.jpg\",\"width\":2560,\"height\":1707},{\"@type\":\"BreadcrumbList\",\"@id\":\"https:\/\/arquivigo.com\/index.php\/2020\/12\/04\/ley-arquitectura-galicia\/#breadcrumb\",\"itemListElement\":[{\"@type\":\"ListItem\",\"position\":1,\"name\":\"Portada\",\"item\":\"https:\/\/arquivigo.com\/\"},{\"@type\":\"ListItem\",\"position\":2,\"name\":\"Ley de Arquitectura para Galicia\"}]},{\"@type\":\"WebSite\",\"@id\":\"https:\/\/arquivigo.com\/#website\",\"url\":\"https:\/\/arquivigo.com\/\",\"name\":\"arquivigo\",\"description\":\"Arquitecto t\u00e9cnico resolutivo\",\"publisher\":{\"@id\":\"https:\/\/arquivigo.com\/#organization\"},\"potentialAction\":[{\"@type\":\"SearchAction\",\"target\":{\"@type\":\"EntryPoint\",\"urlTemplate\":\"https:\/\/arquivigo.com\/?s={search_term_string}\"},\"query-input\":{\"@type\":\"PropertyValueSpecification\",\"valueRequired\":true,\"valueName\":\"search_term_string\"}}],\"inLanguage\":\"es\"},{\"@type\":\"Organization\",\"@id\":\"https:\/\/arquivigo.com\/#organization\",\"name\":\"Arquivigo\",\"url\":\"https:\/\/arquivigo.com\/\",\"logo\":{\"@type\":\"ImageObject\",\"inLanguage\":\"es\",\"@id\":\"https:\/\/arquivigo.com\/#\/schema\/logo\/image\/\",\"url\":\"https:\/\/arquivigo.com\/wp-content\/uploads\/2020\/09\/logo-400-sin-fondo.png\",\"contentUrl\":\"https:\/\/arquivigo.com\/wp-content\/uploads\/2020\/09\/logo-400-sin-fondo.png\",\"width\":400,\"height\":93,\"caption\":\"Arquivigo\"},\"image\":{\"@id\":\"https:\/\/arquivigo.com\/#\/schema\/logo\/image\/\"},\"sameAs\":[\"https:\/\/www.facebook.com\/people\/Jos\u00e9-Ramilo-Arquitectura-e-Ingenier\u00eda\/100049613451848\/\",\"https:\/\/x.com\/jramiloAT\",\"https:\/\/www.instagram.com\/arquivigo\/\",\"https:\/\/www.linkedin.com\/in\/jos\u00e9-ramilo-hermida-b8802525\/\"]},{\"@type\":\"Person\",\"@id\":\"https:\/\/arquivigo.com\/#\/schema\/person\/82d92f47d63759383e17af96780e646c\",\"name\":\"4rquivig0\",\"image\":{\"@type\":\"ImageObject\",\"inLanguage\":\"es\",\"@id\":\"https:\/\/arquivigo.com\/#\/schema\/person\/image\/\",\"url\":\"https:\/\/secure.gravatar.com\/avatar\/57028136f0b72317433853f40014de957623502321a40778040f6d962c1472b3?s=96&d=mm&r=g\",\"contentUrl\":\"https:\/\/secure.gravatar.com\/avatar\/57028136f0b72317433853f40014de957623502321a40778040f6d962c1472b3?s=96&d=mm&r=g\",\"caption\":\"4rquivig0\"},\"sameAs\":[\"http:\/\/arquivigo.com\",\"https:\/\/x.com\/jramiloAT\"]}]}<\/script>\n<!-- \/ Yoast SEO plugin. -->","yoast_head_json":{"title":"Ley de Arquitectura para Galicia - Jos\u00e9 Ramilo Hermida","robots":{"index":"index","follow":"follow","max-snippet":"max-snippet:-1","max-image-preview":"max-image-preview:large","max-video-preview":"max-video-preview:-1"},"canonical":"https:\/\/arquivigo.com\/index.php\/2020\/12\/04\/ley-arquitectura-galicia\/","og_locale":"es_ES","og_type":"article","og_title":"Ley de Arquitectura para Galicia - Jos\u00e9 Ramilo Hermida","og_description":"La Xunta ha dado el primer paso para que Galicia se dote de la primera Ley de arquitectura gallega. Este paso consiste en la aprobaci\u00f3n del proyecto de decreto por el que se inicia el periodo de consulta previa, lo que Galicia se equiparar\u00e1 con territorios como Catalu\u00f1a o Extremadura. La arquitectura &#8211;remarca el Ejecutivo [&hellip;]","og_url":"https:\/\/arquivigo.com\/index.php\/2020\/12\/04\/ley-arquitectura-galicia\/","og_site_name":"Jos\u00e9 Ramilo Hermida","article_publisher":"https:\/\/www.facebook.com\/people\/Jos%c3%a9-Ramilo-Arquitectura-e-Ingenier%c3%ada\/100049613451848\/","article_published_time":"2020-12-04T16:29:01+00:00","og_image":[{"width":2560,"height":1707,"url":"https:\/\/arquivigo.com\/wp-content\/uploads\/2020\/12\/consello-da-Xunta-scaled.jpg","type":"image\/jpeg"}],"author":"4rquivig0","twitter_card":"summary_large_image","twitter_creator":"@jramiloAT","twitter_site":"@jramiloAT","twitter_misc":{"Escrito por":"4rquivig0","Tiempo de lectura":"1 minuto"},"schema":{"@context":"https:\/\/schema.org","@graph":[{"@type":"Article","@id":"https:\/\/arquivigo.com\/index.php\/2020\/12\/04\/ley-arquitectura-galicia\/#article","isPartOf":{"@id":"https:\/\/arquivigo.com\/index.php\/2020\/12\/04\/ley-arquitectura-galicia\/"},"author":{"name":"4rquivig0","@id":"https:\/\/arquivigo.com\/#\/schema\/person\/82d92f47d63759383e17af96780e646c"},"headline":"Ley de Arquitectura para Galicia","datePublished":"2020-12-04T16:29:01+00:00","mainEntityOfPage":{"@id":"https:\/\/arquivigo.com\/index.php\/2020\/12\/04\/ley-arquitectura-galicia\/"},"wordCount":248,"commentCount":0,"publisher":{"@id":"https:\/\/arquivigo.com\/#organization"},"image":{"@id":"https:\/\/arquivigo.com\/index.php\/2020\/12\/04\/ley-arquitectura-galicia\/#primaryimage"},"thumbnailUrl":"https:\/\/arquivigo.com\/wp-content\/uploads\/2020\/12\/consello-da-Xunta-scaled.jpg","articleSection":["legislaci\u00f3n"],"inLanguage":"es","potentialAction":[{"@type":"CommentAction","name":"Comment","target":["https:\/\/arquivigo.com\/index.php\/2020\/12\/04\/ley-arquitectura-galicia\/#respond"]}]},{"@type":"WebPage","@id":"https:\/\/arquivigo.com\/index.php\/2020\/12\/04\/ley-arquitectura-galicia\/","url":"https:\/\/arquivigo.com\/index.php\/2020\/12\/04\/ley-arquitectura-galicia\/","name":"Ley de Arquitectura para Galicia - Jos\u00e9 Ramilo Hermida","isPartOf":{"@id":"https:\/\/arquivigo.com\/#website"},"primaryImageOfPage":{"@id":"https:\/\/arquivigo.com\/index.php\/2020\/12\/04\/ley-arquitectura-galicia\/#primaryimage"},"image":{"@id":"https:\/\/arquivigo.com\/index.php\/2020\/12\/04\/ley-arquitectura-galicia\/#primaryimage"},"thumbnailUrl":"https:\/\/arquivigo.com\/wp-content\/uploads\/2020\/12\/consello-da-Xunta-scaled.jpg","datePublished":"2020-12-04T16:29:01+00:00","breadcrumb":{"@id":"https:\/\/arquivigo.com\/index.php\/2020\/12\/04\/ley-arquitectura-galicia\/#breadcrumb"},"inLanguage":"es","potentialAction":[{"@type":"ReadAction","target":["https:\/\/arquivigo.com\/index.php\/2020\/12\/04\/ley-arquitectura-galicia\/"]}]},{"@type":"ImageObject","inLanguage":"es","@id":"https:\/\/arquivigo.com\/index.php\/2020\/12\/04\/ley-arquitectura-galicia\/#primaryimage","url":"https:\/\/arquivigo.com\/wp-content\/uploads\/2020\/12\/consello-da-Xunta-scaled.jpg","contentUrl":"https:\/\/arquivigo.com\/wp-content\/uploads\/2020\/12\/consello-da-Xunta-scaled.jpg","width":2560,"height":1707},{"@type":"BreadcrumbList","@id":"https:\/\/arquivigo.com\/index.php\/2020\/12\/04\/ley-arquitectura-galicia\/#breadcrumb","itemListElement":[{"@type":"ListItem","position":1,"name":"Portada","item":"https:\/\/arquivigo.com\/"},{"@type":"ListItem","position":2,"name":"Ley de Arquitectura para Galicia"}]},{"@type":"WebSite","@id":"https:\/\/arquivigo.com\/#website","url":"https:\/\/arquivigo.com\/","name":"arquivigo","description":"Arquitecto t\u00e9cnico resolutivo","publisher":{"@id":"https:\/\/arquivigo.com\/#organization"},"potentialAction":[{"@type":"SearchAction","target":{"@type":"EntryPoint","urlTemplate":"https:\/\/arquivigo.com\/?s={search_term_string}"},"query-input":{"@type":"PropertyValueSpecification","valueRequired":true,"valueName":"search_term_string"}}],"inLanguage":"es"},{"@type":"Organization","@id":"https:\/\/arquivigo.com\/#organization","name":"Arquivigo","url":"https:\/\/arquivigo.com\/","logo":{"@type":"ImageObject","inLanguage":"es","@id":"https:\/\/arquivigo.com\/#\/schema\/logo\/image\/","url":"https:\/\/arquivigo.com\/wp-content\/uploads\/2020\/09\/logo-400-sin-fondo.png","contentUrl":"https:\/\/arquivigo.com\/wp-content\/uploads\/2020\/09\/logo-400-sin-fondo.png","width":400,"height":93,"caption":"Arquivigo"},"image":{"@id":"https:\/\/arquivigo.com\/#\/schema\/logo\/image\/"},"sameAs":["https:\/\/www.facebook.com\/people\/Jos\u00e9-Ramilo-Arquitectura-e-Ingenier\u00eda\/100049613451848\/","https:\/\/x.com\/jramiloAT","https:\/\/www.instagram.com\/arquivigo\/","https:\/\/www.linkedin.com\/in\/jos\u00e9-ramilo-hermida-b8802525\/"]},{"@type":"Person","@id":"https:\/\/arquivigo.com\/#\/schema\/person\/82d92f47d63759383e17af96780e646c","name":"4rquivig0","image":{"@type":"ImageObject","inLanguage":"es","@id":"https:\/\/arquivigo.com\/#\/schema\/person\/image\/","url":"https:\/\/secure.gravatar.com\/avatar\/57028136f0b72317433853f40014de957623502321a40778040f6d962c1472b3?s=96&d=mm&r=g","contentUrl":"https:\/\/secure.gravatar.com\/avatar\/57028136f0b72317433853f40014de957623502321a40778040f6d962c1472b3?s=96&d=mm&r=g","caption":"4rquivig0"},"sameAs":["http:\/\/arquivigo.com","https:\/\/x.com\/jramiloAT"]}]}},"_links":{"self":[{"href":"https:\/\/arquivigo.com\/index.php\/wp-json\/wp\/v2\/posts\/1116","targetHints":{"allow":["GET"]}}],"collection":[{"href":"https:\/\/arquivigo.com\/index.php\/wp-json\/wp\/v2\/posts"}],"about":[{"href":"https:\/\/arquivigo.com\/index.php\/wp-json\/wp\/v2\/types\/post"}],"author":[{"embeddable":true,"href":"https:\/\/arquivigo.com\/index.php\/wp-json\/wp\/v2\/users\/1"}],"replies":[{"embeddable":true,"href":"https:\/\/arquivigo.com\/index.php\/wp-json\/wp\/v2\/comments?post=1116"}],"version-history":[{"count":2,"href":"https:\/\/arquivigo.com\/index.php\/wp-json\/wp\/v2\/posts\/1116\/revisions"}],"predecessor-version":[{"id":1119,"href":"https:\/\/arquivigo.com\/index.php\/wp-json\/wp\/v2\/posts\/1116\/revisions\/1119"}],"wp:featuredmedia":[{"embeddable":true,"href":"https:\/\/arquivigo.com\/index.php\/wp-json\/wp\/v2\/media\/1118"}],"wp:attachment":[{"href":"https:\/\/arquivigo.com\/index.php\/wp-json\/wp\/v2\/media?parent=1116"}],"wp:term":[{"taxonomy":"category","embeddable":true,"href":"https:\/\/arquivigo.com\/index.php\/wp-json\/wp\/v2\/categories?post=1116"},{"taxonomy":"post_tag","embeddable":true,"href":"https:\/\/arquivigo.com\/index.php\/wp-json\/wp\/v2\/tags?post=1116"}],"curies":[{"name":"wp","href":"https:\/\/api.w.org\/{rel}","templated":true}]}}