{"id":1121,"date":"2020-12-07T16:29:13","date_gmt":"2020-12-07T15:29:13","guid":{"rendered":"https:\/\/arquivigo.com\/?p=1121"},"modified":"2020-12-07T17:00:08","modified_gmt":"2020-12-07T16:00:08","slug":"5-mejores-libros-de-arquitectura","status":"publish","type":"post","link":"https:\/\/arquivigo.com\/index.php\/2020\/12\/07\/5-mejores-libros-de-arquitectura\/","title":{"rendered":"5 mejores libros de arquitectura"},"content":{"rendered":"<p>La arquitectura es una combinaci\u00f3n entre el arte y la ciencia para crear espacios hermosos y \u00fanicos, elige uno de estos incre\u00edbles libros y convi\u00e9rtete en el mejor arquitecto del mundo.<\/p>\n<p>Seguir el enlace en <a href=\"https:\/\/xombit.com\/2020\/12\/mejores-libros-de-arquitectura-para-ser-todo-un-experto-y-lider-del-tema\" target=\"_blank\" rel=\"noopener noreferrer\">Xombit<\/a><\/p>\n","protected":false},"excerpt":{"rendered":"<p>La arquitectura es una combinaci\u00f3n entre el arte y la ciencia para crear espacios hermosos y \u00fanicos, elige uno de estos incre\u00edbles libros y convi\u00e9rtete en el mejor arquitecto del mundo. Seguir el enlace en Xombit<\/p>\n","protected":false},"author":1,"featured_media":1122,"comment_status":"open","ping_status":"open","sticky":false,"template":"","format":"standard","meta":{"_joinchat":[],"footnotes":""},"categories":[20,22],"tags":[],"class_list":["post-1121","post","type-post","status-publish","format-standard","has-post-thumbnail","hentry","category-diseno","category-retos-constructivos"],"yoast_head":"<!-- This site is optimized with the Yoast SEO plugin v24.9 - https:\/\/yoast.com\/wordpress\/plugins\/seo\/ -->\n<title>5 mejores libros de arquitectura - Jos\u00e9 Ramilo Hermida<\/title>\n<meta name=\"robots\" content=\"index, follow, max-snippet:-1, max-image-preview:large, max-video-preview:-1\" \/>\n<link rel=\"canonical\" href=\"https:\/\/arquivigo.com\/index.php\/2020\/12\/07\/5-mejores-libros-de-arquitectura\/\" \/>\n<meta property=\"og:locale\" content=\"es_ES\" \/>\n<meta property=\"og:type\" content=\"article\" \/>\n<meta property=\"og:title\" content=\"5 mejores libros de arquitectura - Jos\u00e9 Ramilo Hermida\" \/>\n<meta property=\"og:description\" content=\"La arquitectura es una combinaci\u00f3n entre el arte y la ciencia para crear espacios hermosos y \u00fanicos, elige uno de estos incre\u00edbles libros y convi\u00e9rtete en el mejor arquitecto del mundo. Seguir el enlace en Xombit\" \/>\n<meta property=\"og:url\" content=\"https:\/\/arquivigo.com\/index.php\/2020\/12\/07\/5-mejores-libros-de-arquitectura\/\" \/>\n<meta property=\"og:site_name\" content=\"Jos\u00e9 Ramilo Hermida\" \/>\n<meta property=\"article:publisher\" content=\"https:\/\/www.facebook.com\/people\/Jos%c3%a9-Ramilo-Arquitectura-e-Ingenier%c3%ada\/100049613451848\/\" \/>\n<meta property=\"article:published_time\" content=\"2020-12-07T15:29:13+00:00\" \/>\n<meta property=\"article:modified_time\" content=\"2020-12-07T16:00:08+00:00\" \/>\n<meta property=\"og:image\" content=\"https:\/\/arquivigo.com\/wp-content\/uploads\/2020\/12\/valencia-ojo.jpg\" \/>\n\t<meta property=\"og:image:width\" content=\"960\" \/>\n\t<meta property=\"og:image:height\" content=\"642\" \/>\n\t<meta property=\"og:image:type\" content=\"image\/jpeg\" \/>\n<meta name=\"author\" content=\"4rquivig0\" \/>\n<meta name=\"twitter:card\" content=\"summary_large_image\" \/>\n<meta name=\"twitter:creator\" content=\"@jramiloAT\" \/>\n<meta name=\"twitter:site\" content=\"@jramiloAT\" \/>\n<meta name=\"twitter:label1\" content=\"Escrito por\" \/>\n\t<meta name=\"twitter:data1\" content=\"4rquivig0\" \/>\n<script type=\"application\/ld+json\" class=\"yoast-schema-graph\">{\"@context\":\"https:\/\/schema.org\",\"@graph\":[{\"@type\":\"Article\",\"@id\":\"https:\/\/arquivigo.com\/index.php\/2020\/12\/07\/5-mejores-libros-de-arquitectura\/#article\",\"isPartOf\":{\"@id\":\"https:\/\/arquivigo.com\/index.php\/2020\/12\/07\/5-mejores-libros-de-arquitectura\/\"},\"author\":{\"name\":\"4rquivig0\",\"@id\":\"https:\/\/arquivigo.com\/#\/schema\/person\/82d92f47d63759383e17af96780e646c\"},\"headline\":\"5 mejores libros de arquitectura\",\"datePublished\":\"2020-12-07T15:29:13+00:00\",\"dateModified\":\"2020-12-07T16:00:08+00:00\",\"mainEntityOfPage\":{\"@id\":\"https:\/\/arquivigo.com\/index.php\/2020\/12\/07\/5-mejores-libros-de-arquitectura\/\"},\"wordCount\":43,\"commentCount\":0,\"publisher\":{\"@id\":\"https:\/\/arquivigo.com\/#organization\"},\"image\":{\"@id\":\"https:\/\/arquivigo.com\/index.php\/2020\/12\/07\/5-mejores-libros-de-arquitectura\/#primaryimage\"},\"thumbnailUrl\":\"https:\/\/arquivigo.com\/wp-content\/uploads\/2020\/12\/valencia-ojo.jpg\",\"articleSection\":[\"dise\u00f1o\",\"retos constructivos\"],\"inLanguage\":\"es\",\"potentialAction\":[{\"@type\":\"CommentAction\",\"name\":\"Comment\",\"target\":[\"https:\/\/arquivigo.com\/index.php\/2020\/12\/07\/5-mejores-libros-de-arquitectura\/#respond\"]}]},{\"@type\":\"WebPage\",\"@id\":\"https:\/\/arquivigo.com\/index.php\/2020\/12\/07\/5-mejores-libros-de-arquitectura\/\",\"url\":\"https:\/\/arquivigo.com\/index.php\/2020\/12\/07\/5-mejores-libros-de-arquitectura\/\",\"name\":\"5 mejores libros de arquitectura - Jos\u00e9 Ramilo Hermida\",\"isPartOf\":{\"@id\":\"https:\/\/arquivigo.com\/#website\"},\"primaryImageOfPage\":{\"@id\":\"https:\/\/arquivigo.com\/index.php\/2020\/12\/07\/5-mejores-libros-de-arquitectura\/#primaryimage\"},\"image\":{\"@id\":\"https:\/\/arquivigo.com\/index.php\/2020\/12\/07\/5-mejores-libros-de-arquitectura\/#primaryimage\"},\"thumbnailUrl\":\"https:\/\/arquivigo.com\/wp-content\/uploads\/2020\/12\/valencia-ojo.jpg\",\"datePublished\":\"2020-12-07T15:29:13+00:00\",\"dateModified\":\"2020-12-07T16:00:08+00:00\",\"breadcrumb\":{\"@id\":\"https:\/\/arquivigo.com\/index.php\/2020\/12\/07\/5-mejores-libros-de-arquitectura\/#breadcrumb\"},\"inLanguage\":\"es\",\"potentialAction\":[{\"@type\":\"ReadAction\",\"target\":[\"https:\/\/arquivigo.com\/index.php\/2020\/12\/07\/5-mejores-libros-de-arquitectura\/\"]}]},{\"@type\":\"ImageObject\",\"inLanguage\":\"es\",\"@id\":\"https:\/\/arquivigo.com\/index.php\/2020\/12\/07\/5-mejores-libros-de-arquitectura\/#primaryimage\",\"url\":\"https:\/\/arquivigo.com\/wp-content\/uploads\/2020\/12\/valencia-ojo.jpg\",\"contentUrl\":\"https:\/\/arquivigo.com\/wp-content\/uploads\/2020\/12\/valencia-ojo.jpg\",\"width\":960,\"height\":642},{\"@type\":\"BreadcrumbList\",\"@id\":\"https:\/\/arquivigo.com\/index.php\/2020\/12\/07\/5-mejores-libros-de-arquitectura\/#breadcrumb\",\"itemListElement\":[{\"@type\":\"ListItem\",\"position\":1,\"name\":\"Portada\",\"item\":\"https:\/\/arquivigo.com\/\"},{\"@type\":\"ListItem\",\"position\":2,\"name\":\"5 mejores libros de arquitectura\"}]},{\"@type\":\"WebSite\",\"@id\":\"https:\/\/arquivigo.com\/#website\",\"url\":\"https:\/\/arquivigo.com\/\",\"name\":\"arquivigo\",\"description\":\"Arquitecto t\u00e9cnico resolutivo\",\"publisher\":{\"@id\":\"https:\/\/arquivigo.com\/#organization\"},\"potentialAction\":[{\"@type\":\"SearchAction\",\"target\":{\"@type\":\"EntryPoint\",\"urlTemplate\":\"https:\/\/arquivigo.com\/?s={search_term_string}\"},\"query-input\":{\"@type\":\"PropertyValueSpecification\",\"valueRequired\":true,\"valueName\":\"search_term_string\"}}],\"inLanguage\":\"es\"},{\"@type\":\"Organization\",\"@id\":\"https:\/\/arquivigo.com\/#organization\",\"name\":\"Arquivigo\",\"url\":\"https:\/\/arquivigo.com\/\",\"logo\":{\"@type\":\"ImageObject\",\"inLanguage\":\"es\",\"@id\":\"https:\/\/arquivigo.com\/#\/schema\/logo\/image\/\",\"url\":\"https:\/\/arquivigo.com\/wp-content\/uploads\/2020\/09\/logo-400-sin-fondo.png\",\"contentUrl\":\"https:\/\/arquivigo.com\/wp-content\/uploads\/2020\/09\/logo-400-sin-fondo.png\",\"width\":400,\"height\":93,\"caption\":\"Arquivigo\"},\"image\":{\"@id\":\"https:\/\/arquivigo.com\/#\/schema\/logo\/image\/\"},\"sameAs\":[\"https:\/\/www.facebook.com\/people\/Jos\u00e9-Ramilo-Arquitectura-e-Ingenier\u00eda\/100049613451848\/\",\"https:\/\/x.com\/jramiloAT\",\"https:\/\/www.instagram.com\/arquivigo\/\",\"https:\/\/www.linkedin.com\/in\/jos\u00e9-ramilo-hermida-b8802525\/\"]},{\"@type\":\"Person\",\"@id\":\"https:\/\/arquivigo.com\/#\/schema\/person\/82d92f47d63759383e17af96780e646c\",\"name\":\"4rquivig0\",\"image\":{\"@type\":\"ImageObject\",\"inLanguage\":\"es\",\"@id\":\"https:\/\/arquivigo.com\/#\/schema\/person\/image\/\",\"url\":\"https:\/\/secure.gravatar.com\/avatar\/57028136f0b72317433853f40014de957623502321a40778040f6d962c1472b3?s=96&d=mm&r=g\",\"contentUrl\":\"https:\/\/secure.gravatar.com\/avatar\/57028136f0b72317433853f40014de957623502321a40778040f6d962c1472b3?s=96&d=mm&r=g\",\"caption\":\"4rquivig0\"},\"sameAs\":[\"http:\/\/arquivigo.com\",\"https:\/\/x.com\/jramiloAT\"]}]}<\/script>\n<!-- \/ Yoast SEO plugin. -->","yoast_head_json":{"title":"5 mejores libros de arquitectura - Jos\u00e9 Ramilo Hermida","robots":{"index":"index","follow":"follow","max-snippet":"max-snippet:-1","max-image-preview":"max-image-preview:large","max-video-preview":"max-video-preview:-1"},"canonical":"https:\/\/arquivigo.com\/index.php\/2020\/12\/07\/5-mejores-libros-de-arquitectura\/","og_locale":"es_ES","og_type":"article","og_title":"5 mejores libros de arquitectura - Jos\u00e9 Ramilo Hermida","og_description":"La arquitectura es una combinaci\u00f3n entre el arte y la ciencia para crear espacios hermosos y \u00fanicos, elige uno de estos incre\u00edbles libros y convi\u00e9rtete en el mejor arquitecto del mundo. Seguir el enlace en Xombit","og_url":"https:\/\/arquivigo.com\/index.php\/2020\/12\/07\/5-mejores-libros-de-arquitectura\/","og_site_name":"Jos\u00e9 Ramilo Hermida","article_publisher":"https:\/\/www.facebook.com\/people\/Jos%c3%a9-Ramilo-Arquitectura-e-Ingenier%c3%ada\/100049613451848\/","article_published_time":"2020-12-07T15:29:13+00:00","article_modified_time":"2020-12-07T16:00:08+00:00","og_image":[{"width":960,"height":642,"url":"https:\/\/arquivigo.com\/wp-content\/uploads\/2020\/12\/valencia-ojo.jpg","type":"image\/jpeg"}],"author":"4rquivig0","twitter_card":"summary_large_image","twitter_creator":"@jramiloAT","twitter_site":"@jramiloAT","twitter_misc":{"Escrito por":"4rquivig0"},"schema":{"@context":"https:\/\/schema.org","@graph":[{"@type":"Article","@id":"https:\/\/arquivigo.com\/index.php\/2020\/12\/07\/5-mejores-libros-de-arquitectura\/#article","isPartOf":{"@id":"https:\/\/arquivigo.com\/index.php\/2020\/12\/07\/5-mejores-libros-de-arquitectura\/"},"author":{"name":"4rquivig0","@id":"https:\/\/arquivigo.com\/#\/schema\/person\/82d92f47d63759383e17af96780e646c"},"headline":"5 mejores libros de arquitectura","datePublished":"2020-12-07T15:29:13+00:00","dateModified":"2020-12-07T16:00:08+00:00","mainEntityOfPage":{"@id":"https:\/\/arquivigo.com\/index.php\/2020\/12\/07\/5-mejores-libros-de-arquitectura\/"},"wordCount":43,"commentCount":0,"publisher":{"@id":"https:\/\/arquivigo.com\/#organization"},"image":{"@id":"https:\/\/arquivigo.com\/index.php\/2020\/12\/07\/5-mejores-libros-de-arquitectura\/#primaryimage"},"thumbnailUrl":"https:\/\/arquivigo.com\/wp-content\/uploads\/2020\/12\/valencia-ojo.jpg","articleSection":["dise\u00f1o","retos constructivos"],"inLanguage":"es","potentialAction":[{"@type":"CommentAction","name":"Comment","target":["https:\/\/arquivigo.com\/index.php\/2020\/12\/07\/5-mejores-libros-de-arquitectura\/#respond"]}]},{"@type":"WebPage","@id":"https:\/\/arquivigo.com\/index.php\/2020\/12\/07\/5-mejores-libros-de-arquitectura\/","url":"https:\/\/arquivigo.com\/index.php\/2020\/12\/07\/5-mejores-libros-de-arquitectura\/","name":"5 mejores libros de arquitectura - Jos\u00e9 Ramilo Hermida","isPartOf":{"@id":"https:\/\/arquivigo.com\/#website"},"primaryImageOfPage":{"@id":"https:\/\/arquivigo.com\/index.php\/2020\/12\/07\/5-mejores-libros-de-arquitectura\/#primaryimage"},"image":{"@id":"https:\/\/arquivigo.com\/index.php\/2020\/12\/07\/5-mejores-libros-de-arquitectura\/#primaryimage"},"thumbnailUrl":"https:\/\/arquivigo.com\/wp-content\/uploads\/2020\/12\/valencia-ojo.jpg","datePublished":"2020-12-07T15:29:13+00:00","dateModified":"2020-12-07T16:00:08+00:00","breadcrumb":{"@id":"https:\/\/arquivigo.com\/index.php\/2020\/12\/07\/5-mejores-libros-de-arquitectura\/#breadcrumb"},"inLanguage":"es","potentialAction":[{"@type":"ReadAction","target":["https:\/\/arquivigo.com\/index.php\/2020\/12\/07\/5-mejores-libros-de-arquitectura\/"]}]},{"@type":"ImageObject","inLanguage":"es","@id":"https:\/\/arquivigo.com\/index.php\/2020\/12\/07\/5-mejores-libros-de-arquitectura\/#primaryimage","url":"https:\/\/arquivigo.com\/wp-content\/uploads\/2020\/12\/valencia-ojo.jpg","contentUrl":"https:\/\/arquivigo.com\/wp-content\/uploads\/2020\/12\/valencia-ojo.jpg","width":960,"height":642},{"@type":"BreadcrumbList","@id":"https:\/\/arquivigo.com\/index.php\/2020\/12\/07\/5-mejores-libros-de-arquitectura\/#breadcrumb","itemListElement":[{"@type":"ListItem","position":1,"name":"Portada","item":"https:\/\/arquivigo.com\/"},{"@type":"ListItem","position":2,"name":"5 mejores libros de arquitectura"}]},{"@type":"WebSite","@id":"https:\/\/arquivigo.com\/#website","url":"https:\/\/arquivigo.com\/","name":"arquivigo","description":"Arquitecto t\u00e9cnico resolutivo","publisher":{"@id":"https:\/\/arquivigo.com\/#organization"},"potentialAction":[{"@type":"SearchAction","target":{"@type":"EntryPoint","urlTemplate":"https:\/\/arquivigo.com\/?s={search_term_string}"},"query-input":{"@type":"PropertyValueSpecification","valueRequired":true,"valueName":"search_term_string"}}],"inLanguage":"es"},{"@type":"Organization","@id":"https:\/\/arquivigo.com\/#organization","name":"Arquivigo","url":"https:\/\/arquivigo.com\/","logo":{"@type":"ImageObject","inLanguage":"es","@id":"https:\/\/arquivigo.com\/#\/schema\/logo\/image\/","url":"https:\/\/arquivigo.com\/wp-content\/uploads\/2020\/09\/logo-400-sin-fondo.png","contentUrl":"https:\/\/arquivigo.com\/wp-content\/uploads\/2020\/09\/logo-400-sin-fondo.png","width":400,"height":93,"caption":"Arquivigo"},"image":{"@id":"https:\/\/arquivigo.com\/#\/schema\/logo\/image\/"},"sameAs":["https:\/\/www.facebook.com\/people\/Jos\u00e9-Ramilo-Arquitectura-e-Ingenier\u00eda\/100049613451848\/","https:\/\/x.com\/jramiloAT","https:\/\/www.instagram.com\/arquivigo\/","https:\/\/www.linkedin.com\/in\/jos\u00e9-ramilo-hermida-b8802525\/"]},{"@type":"Person","@id":"https:\/\/arquivigo.com\/#\/schema\/person\/82d92f47d63759383e17af96780e646c","name":"4rquivig0","image":{"@type":"ImageObject","inLanguage":"es","@id":"https:\/\/arquivigo.com\/#\/schema\/person\/image\/","url":"https:\/\/secure.gravatar.com\/avatar\/57028136f0b72317433853f40014de957623502321a40778040f6d962c1472b3?s=96&d=mm&r=g","contentUrl":"https:\/\/secure.gravatar.com\/avatar\/57028136f0b72317433853f40014de957623502321a40778040f6d962c1472b3?s=96&d=mm&r=g","caption":"4rquivig0"},"sameAs":["http:\/\/arquivigo.com","https:\/\/x.com\/jramiloAT"]}]}},"_links":{"self":[{"href":"https:\/\/arquivigo.com\/index.php\/wp-json\/wp\/v2\/posts\/1121","targetHints":{"allow":["GET"]}}],"collection":[{"href":"https:\/\/arquivigo.com\/index.php\/wp-json\/wp\/v2\/posts"}],"about":[{"href":"https:\/\/arquivigo.com\/index.php\/wp-json\/wp\/v2\/types\/post"}],"author":[{"embeddable":true,"href":"https:\/\/arquivigo.com\/index.php\/wp-json\/wp\/v2\/users\/1"}],"replies":[{"embeddable":true,"href":"https:\/\/arquivigo.com\/index.php\/wp-json\/wp\/v2\/comments?post=1121"}],"version-history":[{"count":1,"href":"https:\/\/arquivigo.com\/index.php\/wp-json\/wp\/v2\/posts\/1121\/revisions"}],"predecessor-version":[{"id":1123,"href":"https:\/\/arquivigo.com\/index.php\/wp-json\/wp\/v2\/posts\/1121\/revisions\/1123"}],"wp:featuredmedia":[{"embeddable":true,"href":"https:\/\/arquivigo.com\/index.php\/wp-json\/wp\/v2\/media\/1122"}],"wp:attachment":[{"href":"https:\/\/arquivigo.com\/index.php\/wp-json\/wp\/v2\/media?parent=1121"}],"wp:term":[{"taxonomy":"category","embeddable":true,"href":"https:\/\/arquivigo.com\/index.php\/wp-json\/wp\/v2\/categories?post=1121"},{"taxonomy":"post_tag","embeddable":true,"href":"https:\/\/arquivigo.com\/index.php\/wp-json\/wp\/v2\/tags?post=1121"}],"curies":[{"name":"wp","href":"https:\/\/api.w.org\/{rel}","templated":true}]}}